{"id":2516,"date":"2026-03-25T14:10:12","date_gmt":"2026-03-25T13:10:12","guid":{"rendered":"https:\/\/red-knights-germany3.de\/?p=2516"},"modified":"2026-03-25T14:17:56","modified_gmt":"2026-03-25T13:17:56","slug":"14-deutsches-praesidententreffen","status":"publish","type":"post","link":"https:\/\/red-knights-germany3.de\/?p=2516","title":{"rendered":"14. Deutsches Pr\u00e4sidententreffen"},"content":{"rendered":"\n<p class=\"has-text-align-center\">einmal im Jahr treffen sich die deutschen Chapter zum Pr\u00e4sidententreffen in Bad Neustadt an der Saale.  Auch unser Chapter war durch unseren Pr\u00e4sidenten Timo vertreten.<br>Pr\u00e4sidenten und Vizepr\u00e4sidenten der deutschen Chapter redeten \u00fcber aktuelle Themen, trafen Absprachen und planten Veranstaltungen f\u00fcr 2027.<\/p>\n\n\n\n<p class=\"has-text-align-center\">Ein tolles und konstruktives Wochenende bei und unter Freunden, welches leider viel zu schnell wieder vorbei war.<\/p>\n\n\n\n<p class=\"has-text-align-center\">Die aktuellen Zahlen des RKMC in Deutschland:  in 34 Chaptern sind 696 Member aktiv. <br><\/p>\n\n\n\n<figure class=\"wp-block-image size-large\"><img loading=\"lazy\" decoding=\"async\" width=\"1024\" height=\"513\" src=\"https:\/\/red-knights-germany3.de\/wp-content\/uploads\/2026\/03\/Presitreffen-1024x513.jpg\" alt=\"\" class=\"wp-image-2517\" srcset=\"https:\/\/red-knights-germany3.de\/wp-content\/uploads\/2026\/03\/Presitreffen-1024x513.jpg 1024w, https:\/\/red-knights-germany3.de\/wp-content\/uploads\/2026\/03\/Presitreffen-300x150.jpg 300w, https:\/\/red-knights-germany3.de\/wp-content\/uploads\/2026\/03\/Presitreffen-768x385.jpg 768w, https:\/\/red-knights-germany3.de\/wp-content\/uploads\/2026\/03\/Presitreffen-676x339.jpg 676w, https:\/\/red-knights-germany3.de\/wp-content\/uploads\/2026\/03\/Presitreffen.jpg 1369w\" sizes=\"auto, (max-width: 1024px) 100vw, 1024px\" \/><\/figure>\n","protected":false},"excerpt":{"rendered":"<p>einmal im Jahr treffen sich die deutschen Chapter zum Pr\u00e4sidententreffen in Bad Neustadt an der Saale. Auch unser Chapter war durch unseren Pr\u00e4sidenten Timo vertreten.Pr\u00e4sidenten und Vizepr\u00e4sidenten der deutschen Chapter redeten \u00fcber aktuelle Themen, trafen Absprachen und planten Veranstaltungen f\u00fcr 2027. Ein tolles und konstruktives Wochenende bei und unter Freunden, welches leider viel zu schnell [&hellip;]<\/p>\n","protected":false},"author":13,"featured_media":0,"comment_status":"closed","ping_status":"","sticky":false,"template":"","format":"standard","meta":{"ngg_post_thumbnail":0,"footnotes":""},"categories":[31],"tags":[],"class_list":["post-2516","post","type-post","status-publish","format-standard","hentry","category-clubleben","post-preview"],"_links":{"self":[{"href":"https:\/\/red-knights-germany3.de\/index.php?rest_route=\/wp\/v2\/posts\/2516","targetHints":{"allow":["GET"]}}],"collection":[{"href":"https:\/\/red-knights-germany3.de\/index.php?rest_route=\/wp\/v2\/posts"}],"about":[{"href":"https:\/\/red-knights-germany3.de\/index.php?rest_route=\/wp\/v2\/types\/post"}],"author":[{"embeddable":true,"href":"https:\/\/red-knights-germany3.de\/index.php?rest_route=\/wp\/v2\/users\/13"}],"replies":[{"embeddable":true,"href":"https:\/\/red-knights-germany3.de\/index.php?rest_route=%2Fwp%2Fv2%2Fcomments&post=2516"}],"version-history":[{"count":2,"href":"https:\/\/red-knights-germany3.de\/index.php?rest_route=\/wp\/v2\/posts\/2516\/revisions"}],"predecessor-version":[{"id":2519,"href":"https:\/\/red-knights-germany3.de\/index.php?rest_route=\/wp\/v2\/posts\/2516\/revisions\/2519"}],"wp:attachment":[{"href":"https:\/\/red-knights-germany3.de\/index.php?rest_route=%2Fwp%2Fv2%2Fmedia&parent=2516"}],"wp:term":[{"taxonomy":"category","embeddable":true,"href":"https:\/\/red-knights-germany3.de\/index.php?rest_route=%2Fwp%2Fv2%2Fcategories&post=2516"},{"taxonomy":"post_tag","embeddable":true,"href":"https:\/\/red-knights-germany3.de\/index.php?rest_route=%2Fwp%2Fv2%2Ftags&post=2516"}],"curies":[{"name":"wp","href":"https:\/\/api.w.org\/{rel}","templated":true}]}}